{"id":346603,"date":"2026-09-03T11:22:37","date_gmt":"2026-09-03T09:22:37","guid":{"rendered":"https:\/\/casevaldesi.it\/2026\/09\/03\/ihr-teambuilding-bei-casa-cares\/"},"modified":"2026-09-03T11:48:08","modified_gmt":"2026-09-03T09:48:08","slug":"ihr-teambuilding-bei-casa-cares","status":"publish","type":"post","link":"https:\/\/casevaldesi.it\/de\/2026\/09\/03\/ihr-teambuilding-bei-casa-cares\/","title":{"rendered":"Ihr Teambuilding bei Casa Cares"},"content":{"rendered":"\n<h2 class=\"wp-block-heading\">Ein Retreat inmitten der Natur<\/h2>\n\n<p class=\"wp-block-paragraph\">Gro\u00dfe S\u00e4le, die f\u00fcr Veranstaltungen und Gruppenaktivit\u00e4ten konzipiert sind, R\u00e4umlichkeiten, die Begegnungen und Geselligkeit f\u00f6rdern sollen, sowie ein gro\u00dfer Garten, ein Olivenhain und ein Wald f\u00fcr Momente im Freien.<\/p>\n\n<p class=\"wp-block-paragraph\">Casa Cares, das sich seit jeher auf die Betreuung kleiner und gro\u00dfer Gruppen spezialisiert hat, \u00f6ffnet seine T\u00fcren f\u00fcr alle Unternehmen, die ihr Team zu einem besonderen Firmenaufenthalt einladen m\u00f6chten, um sich auszutauschen und gemeinsam in die Zukunft zu blicken.<\/p>\n\n<h2 class=\"wp-block-heading\">Die Innenr\u00e4ume<\/h2>\n\n<p class=\"wp-block-paragraph\">Der <strong>Theatersaal<\/strong> und der <strong>Neue Saal<\/strong> befinden sich in einem Nebengeb\u00e4ude, nur wenige Schritte von der Villa entfernt, und sind jeweils etwa 75 m\u00b2 gro\u00df. Der Neue Saal ist hell und modern und verf\u00fcgt \u00fcber einen hellen Holzboden, der sich f\u00fcr Aktivit\u00e4ten wie Yoga, Meditation oder Theater eignet. Der Theatersaal aus dem 18. Jahrhundert verf\u00fcgt \u00fcber eine hervorragende Akustik und eignet sich perfekt f\u00fcr Ch\u00f6re und Orchester. Beide R\u00e4ume sind mit Sportmatten, Flipcharts, St\u00fchlen, einem Beamer, einem Mikrofon und Bluetooth-Lautsprechern ausgestattet.     <\/p>\n\n<p class=\"wp-block-paragraph\">In der Villa k\u00f6nnen in den zahlreichen <strong>S\u00e4len und Salons<\/strong> Veranstaltungen f\u00fcr kleine Gruppen organisiert werden, die sich sowohl f\u00fcr Freizeitaktivit\u00e4ten als auch f\u00fcr Arbeitssitzungen eignen.  <\/p>\n\n<figure class=\"wp-block-image size-full\"><img loading=\"lazy\" decoding=\"async\" width=\"2560\" height=\"1707\" src=\"https:\/\/casevaldesi.it\/wp-content\/uploads\/2025\/03\/40_Casa_Cares_DG_2043-HDR-scaled.jpg\" alt=\"Ein Raum mit hervorragender Akustik f&#xFC;r Konzerte, Chorauftritte und musikalische Veranstaltungen im Plenum\" class=\"wp-image-170\" srcset=\"https:\/\/casevaldesi.it\/wp-content\/uploads\/2025\/03\/40_Casa_Cares_DG_2043-HDR-scaled.jpg 2560w, https:\/\/casevaldesi.it\/wp-content\/uploads\/2025\/03\/40_Casa_Cares_DG_2043-HDR-1536x1024.jpg 1536w, https:\/\/casevaldesi.it\/wp-content\/uploads\/2025\/03\/40_Casa_Cares_DG_2043-HDR-2048x1365.jpg 2048w, https:\/\/casevaldesi.it\/wp-content\/uploads\/2025\/03\/40_Casa_Cares_DG_2043-HDR-1024x683.jpg 1024w, https:\/\/casevaldesi.it\/wp-content\/uploads\/2025\/03\/40_Casa_Cares_DG_2043-HDR-600x400.jpg 600w, https:\/\/casevaldesi.it\/wp-content\/uploads\/2025\/03\/40_Casa_Cares_DG_2043-HDR-350x233.jpg 350w\" sizes=\"auto, (max-width: 2560px) 100vw, 2560px\" \/><figcaption class=\"wp-element-caption\">Theatersaal<\/figcaption><\/figure>\n\n<figure class=\"wp-block-image size-full\"><img loading=\"lazy\" decoding=\"async\" width=\"2560\" height=\"1707\" src=\"https:\/\/casevaldesi.it\/wp-content\/uploads\/2025\/03\/yoga-casa-cares-scaled.jpg\" alt=\"Der Saal ist auch f&#xFC;r Rollstuhlfahrer zug&#xE4;nglich und bietet allen Teilnehmern Komfort\" class=\"wp-image-166\" srcset=\"https:\/\/casevaldesi.it\/wp-content\/uploads\/2025\/03\/yoga-casa-cares-scaled.jpg 2560w, https:\/\/casevaldesi.it\/wp-content\/uploads\/2025\/03\/yoga-casa-cares-1536x1024.jpg 1536w, https:\/\/casevaldesi.it\/wp-content\/uploads\/2025\/03\/yoga-casa-cares-2048x1365.jpg 2048w, https:\/\/casevaldesi.it\/wp-content\/uploads\/2025\/03\/yoga-casa-cares-1024x683.jpg 1024w, https:\/\/casevaldesi.it\/wp-content\/uploads\/2025\/03\/yoga-casa-cares-600x400.jpg 600w, https:\/\/casevaldesi.it\/wp-content\/uploads\/2025\/03\/yoga-casa-cares-350x233.jpg 350w\" sizes=\"auto, (max-width: 2560px) 100vw, 2560px\" \/><figcaption class=\"wp-element-caption\">Sala Nuova<\/figcaption><\/figure>\n\n<figure class=\"wp-block-image size-full\"><img loading=\"lazy\" decoding=\"async\" width=\"2560\" height=\"1707\" src=\"https:\/\/casevaldesi.it\/wp-content\/uploads\/2025\/03\/sala-relax-casa-cares-scaled.jpg\" alt=\"Ein gem&#xFC;tlicher Ort f&#xFC;r Gespr&#xE4;che, &#xDC;bersetzungsarbeit und Erholung, ausgestattet mit komfortablen M&#xF6;beln\" class=\"wp-image-176\" srcset=\"https:\/\/casevaldesi.it\/wp-content\/uploads\/2025\/03\/sala-relax-casa-cares-scaled.jpg 2560w, https:\/\/casevaldesi.it\/wp-content\/uploads\/2025\/03\/sala-relax-casa-cares-1536x1024.jpg 1536w, https:\/\/casevaldesi.it\/wp-content\/uploads\/2025\/03\/sala-relax-casa-cares-2048x1365.jpg 2048w, https:\/\/casevaldesi.it\/wp-content\/uploads\/2025\/03\/sala-relax-casa-cares-1024x683.jpg 1024w, https:\/\/casevaldesi.it\/wp-content\/uploads\/2025\/03\/sala-relax-casa-cares-600x400.jpg 600w, https:\/\/casevaldesi.it\/wp-content\/uploads\/2025\/03\/sala-relax-casa-cares-350x233.jpg 350w\" sizes=\"auto, (max-width: 2560px) 100vw, 2560px\" \/><figcaption class=\"wp-element-caption\">Einer der Gemeinschaftsr\u00e4ume<\/figcaption><\/figure>\n\n<h2 class=\"wp-block-heading\">R\u00e4ume in der Natur<\/h2>\n\n<p class=\"wp-block-paragraph\">Au\u00dferdem stehen Ihnen ein gro\u00dfer Garten, ein Olivenhain und ein Wald f\u00fcr Aktivit\u00e4ten im Freien zur Verf\u00fcgung: von einer Partie Tischtennis \u00fcber kleine Wanderungen bis hin zu Waldbaden und Meditation.<\/p>\n\n<p class=\"wp-block-paragraph\"><strong> <\/strong>n k\u00f6nnen Sie zudem an einer F\u00fchrung durch <a href=\"https:\/\/casevaldesi.it\/de\/struttura\/soggiorno-gruppi-natura-toscana\/\" target=\"_blank\" rel=\"noreferrer noopener\">das \u201ePiccolo museo dell\u2019olio e del territorio\u201c<\/a> teilnehmen, das sich in der alten \u00d6lm\u00fchle befindet, und an einer \u00d6lverkostung teilnehmen.<\/p>\n\n<figure class=\"wp-block-image size-full\"><img loading=\"lazy\" decoding=\"async\" width=\"2560\" height=\"1707\" src=\"https:\/\/casevaldesi.it\/wp-content\/uploads\/2025\/03\/03042025-P8890993-scaled.jpg\" alt=\"Aufenthalt toskanischer Naturgruppen\" class=\"wp-image-205\" srcset=\"https:\/\/casevaldesi.it\/wp-content\/uploads\/2025\/03\/03042025-P8890993-scaled.jpg 2560w, https:\/\/casevaldesi.it\/wp-content\/uploads\/2025\/03\/03042025-P8890993-1536x1024.jpg 1536w, https:\/\/casevaldesi.it\/wp-content\/uploads\/2025\/03\/03042025-P8890993-2048x1365.jpg 2048w, https:\/\/casevaldesi.it\/wp-content\/uploads\/2025\/03\/03042025-P8890993-1024x683.jpg 1024w, https:\/\/casevaldesi.it\/wp-content\/uploads\/2025\/03\/03042025-P8890993-600x400.jpg 600w, https:\/\/casevaldesi.it\/wp-content\/uploads\/2025\/03\/03042025-P8890993-350x233.jpg 350w\" sizes=\"auto, (max-width: 2560px) 100vw, 2560px\" \/><figcaption class=\"wp-element-caption\">Der Garten<\/figcaption><\/figure>\n\n<h2 class=\"wp-block-heading\">Der Gem\u00fcsegarten und die K\u00fcche<\/h2>\n\n<p class=\"wp-block-paragraph\">Das Anwesen verf\u00fcgt zudem \u00fcber einen eigenen Gem\u00fcsegarten, und dank der dort angebauten Erzeugnisse ist die K\u00fcche des Casa Cares schmackhaft, farbenfroh und saisonal. Die Mahlzeiten werden in Form eines Buffets serviert, und auf Wunsch k\u00f6nnen Kaffeepausen hinzugebucht werden. <\/p>\n\n<figure class=\"wp-block-image size-full\"><img loading=\"lazy\" decoding=\"async\" width=\"1500\" height=\"1000\" src=\"https:\/\/casevaldesi.it\/wp-content\/uploads\/2025\/03\/10_Casa_Cares_Web_DG_5145.jpg\" alt=\"Gem&#xFC;segarten &#x201E;Casa Cares&#x201C;\" class=\"wp-image-201\" srcset=\"https:\/\/casevaldesi.it\/wp-content\/uploads\/2025\/03\/10_Casa_Cares_Web_DG_5145.jpg 1500w, https:\/\/casevaldesi.it\/wp-content\/uploads\/2025\/03\/10_Casa_Cares_Web_DG_5145-1024x683.jpg 1024w, https:\/\/casevaldesi.it\/wp-content\/uploads\/2025\/03\/10_Casa_Cares_Web_DG_5145-600x400.jpg 600w, https:\/\/casevaldesi.it\/wp-content\/uploads\/2025\/03\/10_Casa_Cares_Web_DG_5145-350x233.jpg 350w\" sizes=\"auto, (max-width: 1500px) 100vw, 1500px\" \/><figcaption class=\"wp-element-caption\">Der Gem\u00fcsegarten von Casa Cares<\/figcaption><\/figure>\n\n<h2 class=\"wp-block-heading\">Informationen und Kontaktdaten<\/h2>\n\n<p class=\"wp-block-paragraph\">Casa Cares befindet sich unweit von Florenz in der Ortschaft Reggello und ist von ganz Italien aus \u00fcber die Autobahn A1, Ausfahrt Incisa-Reggello, leicht zu erreichen.  <\/p>\n\n<p class=\"wp-block-paragraph\"><a href=\"https:\/\/casevaldesi.it\/de\/struttura\/soggiorno-gruppi-natura-toscana\/\" target=\"_blank\" rel=\"noreferrer noopener\">Bitte kontaktieren Sie uns f\u00fcr weitere Informationen!<\/a><\/p>\n\n<p class=\"wp-block-paragraph\"><\/p>\n","protected":false},"excerpt":{"rendered":"<p>Gem\u00fctliche R\u00e4ume und Aufenthaltsbereiche, Gemeinschaftsr\u00e4ume f\u00fcr die Gruppenarbeit sowie M\u00f6glichkeiten f\u00fcr Aktivit\u00e4ten in der Natur. Casa Cares \u00f6ffnet seine T\u00fcren f\u00fcr Retreats und Firmenaufenthalte <\/p>\n","protected":false},"author":1,"featured_media":346602,"comment_status":"closed","ping_status":"open","sticky":false,"template":"","format":"standard","meta":{"_acf_changed":false,"footnotes":""},"categories":[36,45],"tags":[206,86,207],"class_list":["post-346603","post","type-post","status-publish","format-standard","has-post-thumbnail","hentry","category-case-valdesi-de","category-neuesten-nachrichten","tag-exerzitien","tag-natur","tag-teambildung"],"acf":[],"yoast_head":"<!-- This site is optimized with the Yoast SEO plugin v27.9 - https:\/\/yoast.com\/product\/yoast-seo-wordpress\/ -->\n<title>-<\/title>\n<meta name=\"description\" content=\"Gem\u00fctliche R\u00e4ume und Aufenthaltsbereiche, R\u00e4umlichkeiten f\u00fcr Gruppenarbeit und Aktivit\u00e4ten in der Natur. Organisieren Sie Ihren Firmen-Retreat auf dem Land in der Toskana!\" \/>\n<meta name=\"robots\" content=\"index, follow, max-snippet:-1, max-image-preview:large, max-video-preview:-1\" \/>\n<link rel=\"canonical\" href=\"https:\/\/casevaldesi.it\/de\/2026\/09\/03\/ihr-teambuilding-bei-casa-cares\/\" \/>\n<meta property=\"og:locale\" content=\"de_DE\" \/>\n<meta property=\"og:type\" content=\"article\" \/>\n<meta property=\"og:title\" content=\"-\" \/>\n<meta property=\"og:description\" content=\"Gem\u00fctliche R\u00e4ume und Aufenthaltsbereiche, R\u00e4umlichkeiten f\u00fcr Gruppenarbeit und Aktivit\u00e4ten in der Natur. Organisieren Sie Ihren Firmen-Retreat auf dem Land in der Toskana!\" \/>\n<meta property=\"og:url\" content=\"https:\/\/casevaldesi.it\/de\/2026\/09\/03\/ihr-teambuilding-bei-casa-cares\/\" \/>\n<meta property=\"og:site_name\" content=\"Waldenserh\u00e4user\" \/>\n<meta property=\"article:published_time\" content=\"2026-09-03T09:22:37+00:00\" \/>\n<meta property=\"article:modified_time\" content=\"2026-09-03T09:48:08+00:00\" \/>\n<meta property=\"og:image\" content=\"https:\/\/casevaldesi.it\/wp-content\/uploads\/2026\/09\/02042025-P8890745-Modifica-scaled.jpg\" \/>\n\t<meta property=\"og:image:width\" content=\"2560\" \/>\n\t<meta property=\"og:image:height\" content=\"1707\" \/>\n\t<meta property=\"og:image:type\" content=\"image\/jpeg\" \/>\n<meta name=\"author\" content=\"Case Valdesi\" \/>\n<meta name=\"twitter:card\" content=\"summary_large_image\" \/>\n<meta name=\"twitter:label1\" content=\"Verfasst von\" \/>\n\t<meta name=\"twitter:data1\" content=\"Case Valdesi\" \/>\n\t<meta name=\"twitter:label2\" content=\"Gesch\u00e4tzte Lesezeit\" \/>\n\t<meta name=\"twitter:data2\" content=\"2\u00a0Minuten\" \/>\n<!-- \/ Yoast SEO plugin. -->","yoast_head_json":{"title":"-","description":"Gem\u00fctliche R\u00e4ume und Aufenthaltsbereiche, R\u00e4umlichkeiten f\u00fcr Gruppenarbeit und Aktivit\u00e4ten in der Natur. Organisieren Sie Ihren Firmen-Retreat auf dem Land in der Toskana!","robots":{"index":"index","follow":"follow","max-snippet":"max-snippet:-1","max-image-preview":"max-image-preview:large","max-video-preview":"max-video-preview:-1"},"canonical":"https:\/\/casevaldesi.it\/de\/2026\/09\/03\/ihr-teambuilding-bei-casa-cares\/","og_locale":"de_DE","og_type":"article","og_title":"-","og_description":"Gem\u00fctliche R\u00e4ume und Aufenthaltsbereiche, R\u00e4umlichkeiten f\u00fcr Gruppenarbeit und Aktivit\u00e4ten in der Natur. Organisieren Sie Ihren Firmen-Retreat auf dem Land in der Toskana!","og_url":"https:\/\/casevaldesi.it\/de\/2026\/09\/03\/ihr-teambuilding-bei-casa-cares\/","og_site_name":"Waldenserh\u00e4user","article_published_time":"2026-09-03T09:22:37+00:00","article_modified_time":"2026-09-03T09:48:08+00:00","og_image":[{"width":2560,"height":1707,"url":"https:\/\/casevaldesi.it\/wp-content\/uploads\/2026\/09\/02042025-P8890745-Modifica-scaled.jpg","type":"image\/jpeg"}],"author":"Case Valdesi","twitter_card":"summary_large_image","twitter_misc":{"Verfasst von":"Case Valdesi","Gesch\u00e4tzte Lesezeit":"2\u00a0Minuten"},"schema":{"@context":"https:\/\/schema.org","@graph":[{"@type":"Article","@id":"https:\/\/casevaldesi.it\/de\/2026\/09\/03\/ihr-teambuilding-bei-casa-cares\/#article","isPartOf":{"@id":"https:\/\/casevaldesi.it\/de\/2026\/09\/03\/ihr-teambuilding-bei-casa-cares\/"},"author":{"name":"Case Valdesi","@id":"https:\/\/casevaldesi.it\/#\/schema\/person\/5b3bb5eea650a62a365baa0cbd759cb3"},"headline":"Ihr Teambuilding bei Casa Cares","datePublished":"2026-09-03T09:22:37+00:00","dateModified":"2026-09-03T09:48:08+00:00","mainEntityOfPage":{"@id":"https:\/\/casevaldesi.it\/de\/2026\/09\/03\/ihr-teambuilding-bei-casa-cares\/"},"wordCount":388,"publisher":{"@id":"https:\/\/casevaldesi.it\/#organization"},"image":{"@id":"https:\/\/casevaldesi.it\/de\/2026\/09\/03\/ihr-teambuilding-bei-casa-cares\/#primaryimage"},"thumbnailUrl":"https:\/\/casevaldesi.it\/wp-content\/uploads\/2026\/09\/02042025-P8890745-Modifica-scaled.jpg","keywords":["Exerzitien","Natur","Teambildung"],"articleSection":["Case Valdesi","Neuesten Nachrichten"],"inLanguage":"de"},{"@type":"WebPage","@id":"https:\/\/casevaldesi.it\/de\/2026\/09\/03\/ihr-teambuilding-bei-casa-cares\/","url":"https:\/\/casevaldesi.it\/de\/2026\/09\/03\/ihr-teambuilding-bei-casa-cares\/","name":"-","isPartOf":{"@id":"https:\/\/casevaldesi.it\/#website"},"primaryImageOfPage":{"@id":"https:\/\/casevaldesi.it\/de\/2026\/09\/03\/ihr-teambuilding-bei-casa-cares\/#primaryimage"},"image":{"@id":"https:\/\/casevaldesi.it\/de\/2026\/09\/03\/ihr-teambuilding-bei-casa-cares\/#primaryimage"},"thumbnailUrl":"https:\/\/casevaldesi.it\/wp-content\/uploads\/2026\/09\/02042025-P8890745-Modifica-scaled.jpg","datePublished":"2026-09-03T09:22:37+00:00","dateModified":"2026-09-03T09:48:08+00:00","description":"Gem\u00fctliche R\u00e4ume und Aufenthaltsbereiche, R\u00e4umlichkeiten f\u00fcr Gruppenarbeit und Aktivit\u00e4ten in der Natur. Organisieren Sie Ihren Firmen-Retreat auf dem Land in der Toskana!","breadcrumb":{"@id":"https:\/\/casevaldesi.it\/de\/2026\/09\/03\/ihr-teambuilding-bei-casa-cares\/#breadcrumb"},"inLanguage":"de","potentialAction":[{"@type":"ReadAction","target":["https:\/\/casevaldesi.it\/de\/2026\/09\/03\/ihr-teambuilding-bei-casa-cares\/"]}]},{"@type":"ImageObject","inLanguage":"de","@id":"https:\/\/casevaldesi.it\/de\/2026\/09\/03\/ihr-teambuilding-bei-casa-cares\/#primaryimage","url":"https:\/\/casevaldesi.it\/wp-content\/uploads\/2026\/09\/02042025-P8890745-Modifica-scaled.jpg","contentUrl":"https:\/\/casevaldesi.it\/wp-content\/uploads\/2026\/09\/02042025-P8890745-Modifica-scaled.jpg","width":2560,"height":1707,"caption":"Gemeinschaftsraum \u201eCasa Cares\u201c"},{"@type":"BreadcrumbList","@id":"https:\/\/casevaldesi.it\/de\/2026\/09\/03\/ihr-teambuilding-bei-casa-cares\/#breadcrumb","itemListElement":[{"@type":"ListItem","position":1,"name":"Startseite","item":"https:\/\/casevaldesi.it\/de\/"},{"@type":"ListItem","position":2,"name":"Ihr Teambuilding bei Casa Cares"}]},{"@type":"WebSite","@id":"https:\/\/casevaldesi.it\/#website","url":"https:\/\/casevaldesi.it\/","name":"Waldenserh\u00e4user","description":"Hotels &amp; G\u00e4steh\u00e4user","publisher":{"@id":"https:\/\/casevaldesi.it\/#organization"},"potentialAction":[{"@type":"SearchAction","target":{"@type":"EntryPoint","urlTemplate":"https:\/\/casevaldesi.it\/?s={search_term_string}"},"query-input":{"@type":"PropertyValueSpecification","valueRequired":true,"valueName":"search_term_string"}}],"inLanguage":"de"},{"@type":"Organization","@id":"https:\/\/casevaldesi.it\/#organization","name":"Waldenserh\u00e4user","url":"https:\/\/casevaldesi.it\/","logo":{"@type":"ImageObject","inLanguage":"de","@id":"https:\/\/casevaldesi.it\/#\/schema\/logo\/image\/","url":"","contentUrl":"","caption":"Waldenserh\u00e4user"},"image":{"@id":"https:\/\/casevaldesi.it\/#\/schema\/logo\/image\/"}},{"@type":"Person","@id":"https:\/\/casevaldesi.it\/#\/schema\/person\/5b3bb5eea650a62a365baa0cbd759cb3","name":"Case Valdesi","image":{"@type":"ImageObject","inLanguage":"de","@id":"https:\/\/secure.gravatar.com\/avatar\/a850522400d083de300cfa78196f3c3c324f42fd51b1c069f0df507abf4b3df0?s=96&d=mm&r=g","url":"https:\/\/secure.gravatar.com\/avatar\/a850522400d083de300cfa78196f3c3c324f42fd51b1c069f0df507abf4b3df0?s=96&d=mm&r=g","contentUrl":"https:\/\/secure.gravatar.com\/avatar\/a850522400d083de300cfa78196f3c3c324f42fd51b1c069f0df507abf4b3df0?s=96&d=mm&r=g","caption":"Case Valdesi"},"sameAs":["https:\/\/casevaldesi.it"],"url":"https:\/\/casevaldesi.it\/de\/author\/casevaldesiadmin\/"}]}},"_links":{"self":[{"href":"https:\/\/casevaldesi.it\/de\/wp-json\/wp\/v2\/posts\/346603","targetHints":{"allow":["GET"]}}],"collection":[{"href":"https:\/\/casevaldesi.it\/de\/wp-json\/wp\/v2\/posts"}],"about":[{"href":"https:\/\/casevaldesi.it\/de\/wp-json\/wp\/v2\/types\/post"}],"author":[{"embeddable":true,"href":"https:\/\/casevaldesi.it\/de\/wp-json\/wp\/v2\/users\/1"}],"replies":[{"embeddable":true,"href":"https:\/\/casevaldesi.it\/de\/wp-json\/wp\/v2\/comments?post=346603"}],"version-history":[{"count":1,"href":"https:\/\/casevaldesi.it\/de\/wp-json\/wp\/v2\/posts\/346603\/revisions"}],"predecessor-version":[{"id":346604,"href":"https:\/\/casevaldesi.it\/de\/wp-json\/wp\/v2\/posts\/346603\/revisions\/346604"}],"wp:featuredmedia":[{"embeddable":true,"href":"https:\/\/casevaldesi.it\/de\/wp-json\/wp\/v2\/media\/346602"}],"wp:attachment":[{"href":"https:\/\/casevaldesi.it\/de\/wp-json\/wp\/v2\/media?parent=346603"}],"wp:term":[{"taxonomy":"category","embeddable":true,"href":"https:\/\/casevaldesi.it\/de\/wp-json\/wp\/v2\/categories?post=346603"},{"taxonomy":"post_tag","embeddable":true,"href":"https:\/\/casevaldesi.it\/de\/wp-json\/wp\/v2\/tags?post=346603"}],"curies":[{"name":"wp","href":"https:\/\/api.w.org\/{rel}","templated":true}]}}