{"id":346579,"date":"2026-09-02T11:12:17","date_gmt":"2026-09-02T09:12:17","guid":{"rendered":"https:\/\/casevaldesi.it\/2026\/09\/02\/kultur-unterhaltung-sport-der-herbst-in-rom-florenz-und-venedig\/"},"modified":"2026-09-02T11:32:52","modified_gmt":"2026-09-02T09:32:52","slug":"kultur-unterhaltung-sport-der-herbst-in-rom-florenz-und-venedig","status":"publish","type":"post","link":"https:\/\/casevaldesi.it\/de\/2026\/09\/02\/kultur-unterhaltung-sport-der-herbst-in-rom-florenz-und-venedig\/","title":{"rendered":"Kultur, Unterhaltung, Sport: Der Herbst in Rom, Florenz und Venedig"},"content":{"rendered":"\n<p class=\"wp-block-paragraph\">Mit Beginn des Herbstes werden die Temperaturen milder, und in Florenz, Rom und Venedig starten erneut die gro\u00dfen Veranstaltungen aus den Bereichen Kino, Theater, Sport, Kunst und Comics.<\/p>\n\n<p class=\"wp-block-paragraph\">Haben Sie noch Lust auf Urlaub und suchen Sie nach Ideen f\u00fcr einen Kurzurlaub zwischen Oktober und November? Hier sind unsere Vorschl\u00e4ge! <\/p>\n\n<h2 class=\"wp-block-heading\">Rom: das Filmfestival \u201eFesta del Cinema\u201c, das Romaeuropa Festival und die 37. Ausgabe der Romics<\/h2>\n\n<p class=\"wp-block-paragraph\"><strong>Vom 1. bis 4. Oktober<\/strong> kehrt die <a href=\"https:\/\/romics.it\/it\" target=\"_blank\" rel=\"noreferrer noopener\">Romics<\/a>, das Internationale Festival f\u00fcr Comics, Animation, Kino und Spiele, <strong>auf das Messegel\u00e4nde in Rom<\/strong> zur\u00fcck. Eine \u00e4u\u00dferst reichhaltige Veranstaltung mit mehr als 450 Pr\u00e4sentationen, verteilt auf 5 Hallen, sowie \u00fcber 400 nationalen und internationalen Ausstellern. Ganz zu schweigen von den G\u00e4sten: Aus aller Welt kommen Zeichner, Animatoren, Illustratoren, Drehbuchautoren, Regisseure und Kreative \u2013 darunter sowohl gro\u00dfe Meister als auch neue Talente.  <\/p>\n\n<figure class=\"wp-block-image size-full\"><img loading=\"lazy\" decoding=\"async\" width=\"2560\" height=\"1440\" src=\"https:\/\/casevaldesi.it\/wp-content\/uploads\/2026\/09\/Romics_pavillon_exhibition-scaled.jpg\" alt=\"Romics-Pavillon-Ausstellung\" class=\"wp-image-346528\" srcset=\"https:\/\/casevaldesi.it\/wp-content\/uploads\/2026\/09\/Romics_pavillon_exhibition-scaled.jpg 2560w, https:\/\/casevaldesi.it\/wp-content\/uploads\/2026\/09\/Romics_pavillon_exhibition-1536x864.jpg 1536w, https:\/\/casevaldesi.it\/wp-content\/uploads\/2026\/09\/Romics_pavillon_exhibition-2048x1152.jpg 2048w, https:\/\/casevaldesi.it\/wp-content\/uploads\/2026\/09\/Romics_pavillon_exhibition-1024x576.jpg 1024w, https:\/\/casevaldesi.it\/wp-content\/uploads\/2026\/09\/Romics_pavillon_exhibition-600x338.jpg 600w, https:\/\/casevaldesi.it\/wp-content\/uploads\/2026\/09\/Romics_pavillon_exhibition-350x197.jpg 350w\" sizes=\"auto, (max-width: 2560px) 100vw, 2560px\" \/><\/figure>\n\n<p class=\"wp-block-paragraph\"><strong>Vom 14. bis zum 25. Oktober findet <\/strong>die 21. Ausgabe des <a href=\"https:\/\/www.romacinemafest.it\/it\/\" target=\"_blank\" rel=\"noreferrer noopener\">Filmfestivals von Rom<\/a><strong>statt <\/strong>.<strong>Das Auditorium Parco della Musica<\/strong> wird die wichtigsten Vorf\u00fchrs\u00e4le und den roten Teppich beherbergen, doch das Programm wird auch andere Orte und kulturelle Einrichtungen der Hauptstadt einbeziehen. Zahlreiche Gr\u00f6\u00dfen der Filmwelt haben im Laufe der Jahre an der Veranstaltung teilgenommen, darunter Oscar-Preistr\u00e4ger, Kultregisseure und internationale Stars.  <\/p>\n\n<figure class=\"wp-block-image size-full\"><img loading=\"lazy\" decoding=\"async\" width=\"2560\" height=\"1707\" src=\"https:\/\/casevaldesi.it\/wp-content\/uploads\/2026\/09\/festa_del_cinema_di_roma.jpeg\" alt=\"Filmfestival von Rom\" class=\"wp-image-346529\" srcset=\"https:\/\/casevaldesi.it\/wp-content\/uploads\/2026\/09\/festa_del_cinema_di_roma.jpeg 2560w, https:\/\/casevaldesi.it\/wp-content\/uploads\/2026\/09\/festa_del_cinema_di_roma-1536x1024.jpeg 1536w, https:\/\/casevaldesi.it\/wp-content\/uploads\/2026\/09\/festa_del_cinema_di_roma-2048x1366.jpeg 2048w, https:\/\/casevaldesi.it\/wp-content\/uploads\/2026\/09\/festa_del_cinema_di_roma-1024x683.jpeg 1024w, https:\/\/casevaldesi.it\/wp-content\/uploads\/2026\/09\/festa_del_cinema_di_roma-600x400.jpeg 600w, https:\/\/casevaldesi.it\/wp-content\/uploads\/2026\/09\/festa_del_cinema_di_roma-350x233.jpeg 350w\" sizes=\"auto, (max-width: 2560px) 100vw, 2560px\" \/><\/figure>\n\n<p class=\"wp-block-paragraph\">F\u00fcr Theaterliebhaber ist <a href=\"https:\/\/romaeuropa.net\/\" target=\"_blank\" rel=\"noreferrer noopener\">das Romaeuropa Festival<\/a> ein absolutes Muss; es findet noch <strong>bis zum 15. November an verschiedenen Orten der Stadt<\/strong> statt. Mehr als 100 Vorstellungen aus den Bereichen Theater, Tanz, Musik und Sonderprojekte mit \u00fcber 1.000 internationalen K\u00fcnstlern. Zu den Hauptakteuren dieser Ausgabe z\u00e4hlen das Philip Glass Ensemble, Sofia Nappi mit der Kompanie KOMOCO, Hildur Gu\u00f0nad\u00f3ttir, Benjamin Millepied, Caterina Barbieri, Sasha Waltz, Jeff Mills, Romeo Castellucci, Vinicio Capossela, (LA)HORDE und Fatoumata Diawara.  <\/p>\n\n<figure class=\"wp-block-image size-full\"><img loading=\"lazy\" decoding=\"async\" width=\"2560\" height=\"1920\" src=\"https:\/\/casevaldesi.it\/wp-content\/uploads\/2026\/09\/01.SofiaNappi_Chora_ph_FranziskaStrauss-scaled.jpg\" alt=\"Sofia Nappi_Chora, Foto: Franziska Strauss\" class=\"wp-image-346530\" srcset=\"https:\/\/casevaldesi.it\/wp-content\/uploads\/2026\/09\/01.SofiaNappi_Chora_ph_FranziskaStrauss-scaled.jpg 2560w, https:\/\/casevaldesi.it\/wp-content\/uploads\/2026\/09\/01.SofiaNappi_Chora_ph_FranziskaStrauss-1536x1152.jpg 1536w, https:\/\/casevaldesi.it\/wp-content\/uploads\/2026\/09\/01.SofiaNappi_Chora_ph_FranziskaStrauss-2048x1536.jpg 2048w, https:\/\/casevaldesi.it\/wp-content\/uploads\/2026\/09\/01.SofiaNappi_Chora_ph_FranziskaStrauss-1024x768.jpg 1024w, https:\/\/casevaldesi.it\/wp-content\/uploads\/2026\/09\/01.SofiaNappi_Chora_ph_FranziskaStrauss-600x450.jpg 600w, https:\/\/casevaldesi.it\/wp-content\/uploads\/2026\/09\/01.SofiaNappi_Chora_ph_FranziskaStrauss-350x263.jpg 350w\" sizes=\"auto, (max-width: 2560px) 100vw, 2560px\" \/><figcaption class=\"wp-element-caption\">Sofia Nappi_Chora, Foto: Franziska Strauss<\/figcaption><\/figure>\n\n<h2 class=\"wp-block-heading\">Venedig: Die letzten Tage der Kunstbiennale, der Venedig-Marathon und das \u201eFesta della Salute\u201c<\/h2>\n\n<p class=\"wp-block-paragraph\"><strong>Am Sonntag, dem 25. Oktober<\/strong>, findet <strong>in Venedig<\/strong> der 40. <a href=\"https:\/\/www.venicemarathon.it\/index.php\" target=\"_blank\" rel=\"noreferrer noopener\">Wizz Air Venicemarathon<\/a> statt. Es stehen drei verschiedene Strecken zur Auswahl: der Marathon (42 km), dessen Route an den Wahrzeichen der Stadt vorbeif\u00fchrt, darunter der Markusplatz; Halbmarathon (21 km) mit Start in Mestre und Ziel am Arsenale in Venedig; 10 km mit Start im Parco San Giuliano und Ziel an der Riva Sette Martiri. <\/p>\n\n<figure class=\"wp-block-image size-full\"><img loading=\"lazy\" decoding=\"async\" width=\"2000\" height=\"1333\" src=\"https:\/\/casevaldesi.it\/wp-content\/uploads\/2026\/09\/Venicemarathon.jpg\" alt=\"\" class=\"wp-image-346533\" srcset=\"https:\/\/casevaldesi.it\/wp-content\/uploads\/2026\/09\/Venicemarathon.jpg 2000w, https:\/\/casevaldesi.it\/wp-content\/uploads\/2026\/09\/Venicemarathon-1536x1024.jpg 1536w, https:\/\/casevaldesi.it\/wp-content\/uploads\/2026\/09\/Venicemarathon-1024x682.jpg 1024w, https:\/\/casevaldesi.it\/wp-content\/uploads\/2026\/09\/Venicemarathon-600x400.jpg 600w, https:\/\/casevaldesi.it\/wp-content\/uploads\/2026\/09\/Venicemarathon-350x233.jpg 350w\" sizes=\"auto, (max-width: 2000px) 100vw, 2000px\" \/><\/figure>\n\n<p class=\"wp-block-paragraph\">Sie haben<strong> noch bis zum 22. November<\/strong> Zeit, die <a href=\"https:\/\/www.labiennale.org\/it\/arte\/2026\" target=\"_blank\" rel=\"noreferrer noopener\">Kunstbiennale 2026<\/a> mit dem Titel \u201eIn Minor Keys\u201c zu besuchen. In den <strong>Giardini, im Arsenale und<\/strong> an <strong>verschiedenen Orten der Stadt<\/strong> werden 110 K\u00fcnstler, K\u00fcnstlerinnen, Duos, Kollektive und Organisationen aus unterschiedlichen geografischen Kontexten ausgestellt. Die von der Kuratorin Koyo Kouoh zusammengestellte Auswahl legt den Schwerpunkt vor allem auf Resonanzen, Affinit\u00e4ten und m\u00f6gliche Schnittpunkte zwischen den k\u00fcnstlerischen Praktiken.  <\/p>\n\n<figure class=\"wp-block-image size-full\"><img loading=\"lazy\" decoding=\"async\" width=\"2362\" height=\"1575\" src=\"https:\/\/casevaldesi.it\/wp-content\/uploads\/2026\/09\/AVZ_Photo-by-Andrea-Avezzu_4446.jpg\" alt=\"AVZ_Foto: Andrea Avezzu'\" class=\"wp-image-346534\" srcset=\"https:\/\/casevaldesi.it\/wp-content\/uploads\/2026\/09\/AVZ_Photo-by-Andrea-Avezzu_4446.jpg 2362w, https:\/\/casevaldesi.it\/wp-content\/uploads\/2026\/09\/AVZ_Photo-by-Andrea-Avezzu_4446-1536x1024.jpg 1536w, https:\/\/casevaldesi.it\/wp-content\/uploads\/2026\/09\/AVZ_Photo-by-Andrea-Avezzu_4446-2048x1366.jpg 2048w, https:\/\/casevaldesi.it\/wp-content\/uploads\/2026\/09\/AVZ_Photo-by-Andrea-Avezzu_4446-1024x683.jpg 1024w, https:\/\/casevaldesi.it\/wp-content\/uploads\/2026\/09\/AVZ_Photo-by-Andrea-Avezzu_4446-600x400.jpg 600w, https:\/\/casevaldesi.it\/wp-content\/uploads\/2026\/09\/AVZ_Photo-by-Andrea-Avezzu_4446-350x233.jpg 350w\" sizes=\"auto, (max-width: 2362px) 100vw, 2362px\" \/><figcaption class=\"wp-element-caption\">AVZ_Foto: Andrea Avezz\u00f9<\/figcaption><\/figure>\n\n<p class=\"wp-block-paragraph\">Zu den bedeutendsten Festen in Venedig z\u00e4hlt das <a href=\"https:\/\/basilicasalutevenezia.it\/pellegrinaggio-annuale\/\" target=\"_blank\" rel=\"noreferrer noopener\">Fest der Madonna della Salute<\/a>, das an das Ende der Pest von 1630\u20131631 erinnert. Im Mittelpunkt der Feierlichkeiten steht die <strong>Basilika della Salute<\/strong>, ein imposantes Barockbauwerk, das aus den Gew\u00e4ssern des Canal Grande emporzuragen scheint. Am <strong>21. November<\/strong> ziehen die Gl\u00e4ubigen \u00fcber eine eigens errichtete Bootsbr\u00fccke, um Votivkerzen anzuz\u00fcnden und vor der Ikone der Jungfrau Maria zu beten.  <\/p>\n\n<figure class=\"wp-block-image size-full\"><img loading=\"lazy\" decoding=\"async\" width=\"1280\" height=\"720\" src=\"https:\/\/casevaldesi.it\/wp-content\/uploads\/2026\/09\/Ponte-votivo-Festa-della-Salute-foto-Venezia-Unica.jpg\" alt=\"Votivbr&#xFC;cke zum Fest der Gesundheit (Foto: @ Venezia Unica)\" class=\"wp-image-346537\" srcset=\"https:\/\/casevaldesi.it\/wp-content\/uploads\/2026\/09\/Ponte-votivo-Festa-della-Salute-foto-Venezia-Unica.jpg 1280w, https:\/\/casevaldesi.it\/wp-content\/uploads\/2026\/09\/Ponte-votivo-Festa-della-Salute-foto-Venezia-Unica-1024x576.jpg 1024w, https:\/\/casevaldesi.it\/wp-content\/uploads\/2026\/09\/Ponte-votivo-Festa-della-Salute-foto-Venezia-Unica-600x338.jpg 600w, https:\/\/casevaldesi.it\/wp-content\/uploads\/2026\/09\/Ponte-votivo-Festa-della-Salute-foto-Venezia-Unica-350x197.jpg 350w\" sizes=\"auto, (max-width: 1280px) 100vw, 1280px\" \/><figcaption class=\"wp-element-caption\">Votivbr\u00fccke zum Fest der Gesundheit (Foto: @ Venezia Unica)<\/figcaption><\/figure>\n\n<h2 class=\"wp-block-heading\">Florenz: 50 Tage Kino, \u201eL\u2019Eredit\u00e0 delle Donne\u201c und der Florenz-Marathon<\/h2>\n\n<p class=\"wp-block-paragraph\"><strong>Vom 6. Oktober bis zum 10. Dezember<\/strong> bietet die Veranstaltung <a href=\"https:\/\/www.cinemalacompagnia.it\/evento\/50-giorni-di-cinema-a-firenze-2026\/\" target=\"_blank\" rel=\"noreferrer noopener\">\u201e50 Tage Kino in Florenz\u201c<\/a> <strong>im Kino La Compagnia<\/strong> und an weiteren Orten der Stadt ein Programm, das neun bedeutende internationale Festivals vereint. Vom \u201eFestival dei Popoli\u201c \u00fcber \u201eSchermo dell\u2019Arte\u201c, vom \u201eFlorence Queer Festival\u201c bis hin zum \u201eFrance Odeon\u201c, einschlie\u00dflich \u201eMiddle East Now\u201c, dem \u201eF\u00e1nHu\u0101 Cinese Film Festival\u201c, dem \u201eFestival di Cinema e Donne\u201c, dem \u201eRiver to River Florence Indian Film Festival\u201c und dem \u201ePremio N.I.C.E. Citta di Firenze\u201c. <\/p>\n\n<figure class=\"wp-block-image size-full\"><img loading=\"lazy\" decoding=\"async\" width=\"2199\" height=\"1427\" src=\"https:\/\/casevaldesi.it\/wp-content\/uploads\/2026\/09\/50-giorni-di-cinema-a-Firenze.webp\" alt=\"\" class=\"wp-image-346538\" srcset=\"https:\/\/casevaldesi.it\/wp-content\/uploads\/2026\/09\/50-giorni-di-cinema-a-Firenze.webp 2199w, https:\/\/casevaldesi.it\/wp-content\/uploads\/2026\/09\/50-giorni-di-cinema-a-Firenze-1536x997.webp 1536w, https:\/\/casevaldesi.it\/wp-content\/uploads\/2026\/09\/50-giorni-di-cinema-a-Firenze-2048x1329.webp 2048w, https:\/\/casevaldesi.it\/wp-content\/uploads\/2026\/09\/50-giorni-di-cinema-a-Firenze-1024x665.webp 1024w, https:\/\/casevaldesi.it\/wp-content\/uploads\/2026\/09\/50-giorni-di-cinema-a-Firenze-600x389.webp 600w, https:\/\/casevaldesi.it\/wp-content\/uploads\/2026\/09\/50-giorni-di-cinema-a-Firenze-350x227.webp 350w\" sizes=\"auto, (max-width: 2199px) 100vw, 2199px\" \/><\/figure>\n\n<p class=\"wp-block-paragraph\">Gerade in Florenz wurde <a href=\"https:\/\/ereditadelledonne.eu\/\" target=\"_blank\" rel=\"noreferrer noopener\">\u201eL\u2019Eredit\u00e0 delle Donne\u201c<\/a> ins Leben gerufen, eine Veranstaltung, die sich der St\u00e4rkung der Frauen widmet und die Gegenwart anhand ihrer Protagonistinnen beleuchtet. <strong>Vom 20. bis 25. November finden in der Buchhandlung Giunti Odeon Begegnungen <\/strong>, Gespr\u00e4che, Buchvorstellungen und originelle Formate unter der k\u00fcnstlerischen Leitung von Serena Dandini statt.<\/p>\n\n<figure class=\"wp-block-image size-full\"><img loading=\"lazy\" decoding=\"async\" width=\"1440\" height=\"1096\" src=\"https:\/\/casevaldesi.it\/wp-content\/uploads\/2026\/09\/LEredita-delle-Donne.webp\" alt=\"Serena Dandini in der Sendung &#x201E;L&#x2019;Eredit&#xE0; delle Donne&#x201C;\" class=\"wp-image-346539\" srcset=\"https:\/\/casevaldesi.it\/wp-content\/uploads\/2026\/09\/LEredita-delle-Donne.webp 1440w, https:\/\/casevaldesi.it\/wp-content\/uploads\/2026\/09\/LEredita-delle-Donne-1024x779.webp 1024w, https:\/\/casevaldesi.it\/wp-content\/uploads\/2026\/09\/LEredita-delle-Donne-600x457.webp 600w, https:\/\/casevaldesi.it\/wp-content\/uploads\/2026\/09\/LEredita-delle-Donne-350x266.webp 350w\" sizes=\"auto, (max-width: 1440px) 100vw, 1440px\" \/><\/figure>\n\n<p class=\"wp-block-paragraph\">Am <strong>29. November<\/strong> findet <strong>in den Stra\u00dfen der Altstadt<\/strong> der <a href=\"https:\/\/www.firenzemarathon.it\/\" target=\"_blank\" rel=\"noreferrer noopener\">Estra Firenze Marathon<\/a> statt. Von alten Br\u00fccken bis hin zu mittelalterlichen Gassen \u2013 erleben Sie ein einzigartiges Erlebnis, das die Leidenschaft f\u00fcr den Laufsport mit der zeitlosen Sch\u00f6nheit von Florenz verbindet. <\/p>\n\n<figure class=\"wp-block-image size-full\"><img loading=\"lazy\" decoding=\"async\" width=\"2048\" height=\"1366\" src=\"https:\/\/casevaldesi.it\/wp-content\/uploads\/2026\/09\/Firenze-Marathon.jpg\" alt=\"Florenz-Marathon\" class=\"wp-image-346540\" srcset=\"https:\/\/casevaldesi.it\/wp-content\/uploads\/2026\/09\/Firenze-Marathon.jpg 2048w, https:\/\/casevaldesi.it\/wp-content\/uploads\/2026\/09\/Firenze-Marathon-1536x1025.jpg 1536w, https:\/\/casevaldesi.it\/wp-content\/uploads\/2026\/09\/Firenze-Marathon-1024x683.jpg 1024w, https:\/\/casevaldesi.it\/wp-content\/uploads\/2026\/09\/Firenze-Marathon-600x400.jpg 600w, https:\/\/casevaldesi.it\/wp-content\/uploads\/2026\/09\/Firenze-Marathon-350x233.jpg 350w\" sizes=\"auto, (max-width: 2048px) 100vw, 2048px\" \/><\/figure>\n","protected":false},"excerpt":{"rendered":"<p>Entdecken Sie St\u00e4dte am liebsten anhand ihrer bekanntesten Veranstaltungen? Von gro\u00dfen Festivals bis hin zu Marathonl\u00e4ufen \u2013 hier sind unsere Empfehlungen f\u00fcr eine ganz besondere Reise zwischen Oktober und November <\/p>\n","protected":false},"author":1,"featured_media":346578,"comment_status":"closed","ping_status":"open","sticky":false,"template":"","format":"standard","meta":{"_acf_changed":false,"footnotes":""},"categories":[36,46],"tags":[134,59,61,62],"class_list":["post-346579","post","type-post","status-publish","format-standard","has-post-thumbnail","hentry","category-case-valdesi-de","category-veranstaltungen-und-routen","tag-ereignisse","tag-florence-de","tag-rom","tag-venedig"],"acf":[],"yoast_head":"<!-- This site is optimized with the Yoast SEO plugin v27.9 - https:\/\/yoast.com\/product\/yoast-seo-wordpress\/ -->\n<title>-<\/title>\n<meta name=\"description\" content=\"Entdecken Sie St\u00e4dte gerne anhand ihrer bekanntesten Veranstaltungen? Von gro\u00dfen Festivals bis hin zu Marathons \u2013 hier sind unsere Tipps f\u00fcr eine ganz besondere Reise\" \/>\n<meta name=\"robots\" content=\"index, follow, max-snippet:-1, max-image-preview:large, max-video-preview:-1\" \/>\n<link rel=\"canonical\" href=\"https:\/\/casevaldesi.it\/de\/2026\/09\/02\/kultur-unterhaltung-sport-der-herbst-in-rom-florenz-und-venedig\/\" \/>\n<meta property=\"og:locale\" content=\"de_DE\" \/>\n<meta property=\"og:type\" content=\"article\" \/>\n<meta property=\"og:title\" content=\"-\" \/>\n<meta property=\"og:description\" content=\"Entdecken Sie St\u00e4dte gerne anhand ihrer bekanntesten Veranstaltungen? Von gro\u00dfen Festivals bis hin zu Marathons \u2013 hier sind unsere Tipps f\u00fcr eine ganz besondere Reise\" \/>\n<meta property=\"og:url\" content=\"https:\/\/casevaldesi.it\/de\/2026\/09\/02\/kultur-unterhaltung-sport-der-herbst-in-rom-florenz-und-venedig\/\" \/>\n<meta property=\"og:site_name\" content=\"Waldenserh\u00e4user\" \/>\n<meta property=\"article:published_time\" content=\"2026-09-02T09:12:17+00:00\" \/>\n<meta property=\"article:modified_time\" content=\"2026-09-02T09:32:52+00:00\" \/>\n<meta property=\"og:image\" content=\"https:\/\/casevaldesi.it\/wp-content\/uploads\/2026\/09\/Festa-del-Cinema-di-Roma.jpg\" \/>\n\t<meta property=\"og:image:width\" content=\"1150\" \/>\n\t<meta property=\"og:image:height\" content=\"690\" \/>\n\t<meta property=\"og:image:type\" content=\"image\/jpeg\" \/>\n<meta name=\"author\" content=\"Case Valdesi\" \/>\n<meta name=\"twitter:card\" content=\"summary_large_image\" \/>\n<meta name=\"twitter:label1\" content=\"Verfasst von\" \/>\n\t<meta name=\"twitter:data1\" content=\"Case Valdesi\" \/>\n\t<meta name=\"twitter:label2\" content=\"Gesch\u00e4tzte Lesezeit\" \/>\n\t<meta name=\"twitter:data2\" content=\"3\u00a0Minuten\" \/>\n<!-- \/ Yoast SEO plugin. -->","yoast_head_json":{"title":"-","description":"Entdecken Sie St\u00e4dte gerne anhand ihrer bekanntesten Veranstaltungen? Von gro\u00dfen Festivals bis hin zu Marathons \u2013 hier sind unsere Tipps f\u00fcr eine ganz besondere Reise","robots":{"index":"index","follow":"follow","max-snippet":"max-snippet:-1","max-image-preview":"max-image-preview:large","max-video-preview":"max-video-preview:-1"},"canonical":"https:\/\/casevaldesi.it\/de\/2026\/09\/02\/kultur-unterhaltung-sport-der-herbst-in-rom-florenz-und-venedig\/","og_locale":"de_DE","og_type":"article","og_title":"-","og_description":"Entdecken Sie St\u00e4dte gerne anhand ihrer bekanntesten Veranstaltungen? Von gro\u00dfen Festivals bis hin zu Marathons \u2013 hier sind unsere Tipps f\u00fcr eine ganz besondere Reise","og_url":"https:\/\/casevaldesi.it\/de\/2026\/09\/02\/kultur-unterhaltung-sport-der-herbst-in-rom-florenz-und-venedig\/","og_site_name":"Waldenserh\u00e4user","article_published_time":"2026-09-02T09:12:17+00:00","article_modified_time":"2026-09-02T09:32:52+00:00","og_image":[{"width":1150,"height":690,"url":"https:\/\/casevaldesi.it\/wp-content\/uploads\/2026\/09\/Festa-del-Cinema-di-Roma.jpg","type":"image\/jpeg"}],"author":"Case Valdesi","twitter_card":"summary_large_image","twitter_misc":{"Verfasst von":"Case Valdesi","Gesch\u00e4tzte Lesezeit":"3\u00a0Minuten"},"schema":{"@context":"https:\/\/schema.org","@graph":[{"@type":"Article","@id":"https:\/\/casevaldesi.it\/de\/2026\/09\/02\/kultur-unterhaltung-sport-der-herbst-in-rom-florenz-und-venedig\/#article","isPartOf":{"@id":"https:\/\/casevaldesi.it\/de\/2026\/09\/02\/kultur-unterhaltung-sport-der-herbst-in-rom-florenz-und-venedig\/"},"author":{"name":"Case Valdesi","@id":"https:\/\/casevaldesi.it\/#\/schema\/person\/5b3bb5eea650a62a365baa0cbd759cb3"},"headline":"Kultur, Unterhaltung, Sport: Der Herbst in Rom, Florenz und Venedig","datePublished":"2026-09-02T09:12:17+00:00","dateModified":"2026-09-02T09:32:52+00:00","mainEntityOfPage":{"@id":"https:\/\/casevaldesi.it\/de\/2026\/09\/02\/kultur-unterhaltung-sport-der-herbst-in-rom-florenz-und-venedig\/"},"wordCount":702,"publisher":{"@id":"https:\/\/casevaldesi.it\/#organization"},"image":{"@id":"https:\/\/casevaldesi.it\/de\/2026\/09\/02\/kultur-unterhaltung-sport-der-herbst-in-rom-florenz-und-venedig\/#primaryimage"},"thumbnailUrl":"https:\/\/casevaldesi.it\/wp-content\/uploads\/2026\/09\/Festa-del-Cinema-di-Roma.jpg","keywords":["Ereignisse","florence","Rom","venedig"],"articleSection":["Case Valdesi","Veranstaltungen und Routen"],"inLanguage":"de"},{"@type":"WebPage","@id":"https:\/\/casevaldesi.it\/de\/2026\/09\/02\/kultur-unterhaltung-sport-der-herbst-in-rom-florenz-und-venedig\/","url":"https:\/\/casevaldesi.it\/de\/2026\/09\/02\/kultur-unterhaltung-sport-der-herbst-in-rom-florenz-und-venedig\/","name":"-","isPartOf":{"@id":"https:\/\/casevaldesi.it\/#website"},"primaryImageOfPage":{"@id":"https:\/\/casevaldesi.it\/de\/2026\/09\/02\/kultur-unterhaltung-sport-der-herbst-in-rom-florenz-und-venedig\/#primaryimage"},"image":{"@id":"https:\/\/casevaldesi.it\/de\/2026\/09\/02\/kultur-unterhaltung-sport-der-herbst-in-rom-florenz-und-venedig\/#primaryimage"},"thumbnailUrl":"https:\/\/casevaldesi.it\/wp-content\/uploads\/2026\/09\/Festa-del-Cinema-di-Roma.jpg","datePublished":"2026-09-02T09:12:17+00:00","dateModified":"2026-09-02T09:32:52+00:00","description":"Entdecken Sie St\u00e4dte gerne anhand ihrer bekanntesten Veranstaltungen? Von gro\u00dfen Festivals bis hin zu Marathons \u2013 hier sind unsere Tipps f\u00fcr eine ganz besondere Reise","breadcrumb":{"@id":"https:\/\/casevaldesi.it\/de\/2026\/09\/02\/kultur-unterhaltung-sport-der-herbst-in-rom-florenz-und-venedig\/#breadcrumb"},"inLanguage":"de","potentialAction":[{"@type":"ReadAction","target":["https:\/\/casevaldesi.it\/de\/2026\/09\/02\/kultur-unterhaltung-sport-der-herbst-in-rom-florenz-und-venedig\/"]}]},{"@type":"ImageObject","inLanguage":"de","@id":"https:\/\/casevaldesi.it\/de\/2026\/09\/02\/kultur-unterhaltung-sport-der-herbst-in-rom-florenz-und-venedig\/#primaryimage","url":"https:\/\/casevaldesi.it\/wp-content\/uploads\/2026\/09\/Festa-del-Cinema-di-Roma.jpg","contentUrl":"https:\/\/casevaldesi.it\/wp-content\/uploads\/2026\/09\/Festa-del-Cinema-di-Roma.jpg","width":1150,"height":690,"caption":"Filmfestival von Rom"},{"@type":"BreadcrumbList","@id":"https:\/\/casevaldesi.it\/de\/2026\/09\/02\/kultur-unterhaltung-sport-der-herbst-in-rom-florenz-und-venedig\/#breadcrumb","itemListElement":[{"@type":"ListItem","position":1,"name":"Startseite","item":"https:\/\/casevaldesi.it\/de\/"},{"@type":"ListItem","position":2,"name":"Kultur, Unterhaltung, Sport: Der Herbst in Rom, Florenz und Venedig"}]},{"@type":"WebSite","@id":"https:\/\/casevaldesi.it\/#website","url":"https:\/\/casevaldesi.it\/","name":"Waldenserh\u00e4user","description":"Hotels &amp; G\u00e4steh\u00e4user","publisher":{"@id":"https:\/\/casevaldesi.it\/#organization"},"potentialAction":[{"@type":"SearchAction","target":{"@type":"EntryPoint","urlTemplate":"https:\/\/casevaldesi.it\/?s={search_term_string}"},"query-input":{"@type":"PropertyValueSpecification","valueRequired":true,"valueName":"search_term_string"}}],"inLanguage":"de"},{"@type":"Organization","@id":"https:\/\/casevaldesi.it\/#organization","name":"Waldenserh\u00e4user","url":"https:\/\/casevaldesi.it\/","logo":{"@type":"ImageObject","inLanguage":"de","@id":"https:\/\/casevaldesi.it\/#\/schema\/logo\/image\/","url":"","contentUrl":"","caption":"Waldenserh\u00e4user"},"image":{"@id":"https:\/\/casevaldesi.it\/#\/schema\/logo\/image\/"}},{"@type":"Person","@id":"https:\/\/casevaldesi.it\/#\/schema\/person\/5b3bb5eea650a62a365baa0cbd759cb3","name":"Case Valdesi","image":{"@type":"ImageObject","inLanguage":"de","@id":"https:\/\/secure.gravatar.com\/avatar\/a850522400d083de300cfa78196f3c3c324f42fd51b1c069f0df507abf4b3df0?s=96&d=mm&r=g","url":"https:\/\/secure.gravatar.com\/avatar\/a850522400d083de300cfa78196f3c3c324f42fd51b1c069f0df507abf4b3df0?s=96&d=mm&r=g","contentUrl":"https:\/\/secure.gravatar.com\/avatar\/a850522400d083de300cfa78196f3c3c324f42fd51b1c069f0df507abf4b3df0?s=96&d=mm&r=g","caption":"Case Valdesi"},"sameAs":["https:\/\/casevaldesi.it"],"url":"https:\/\/casevaldesi.it\/de\/author\/casevaldesiadmin\/"}]}},"_links":{"self":[{"href":"https:\/\/casevaldesi.it\/de\/wp-json\/wp\/v2\/posts\/346579","targetHints":{"allow":["GET"]}}],"collection":[{"href":"https:\/\/casevaldesi.it\/de\/wp-json\/wp\/v2\/posts"}],"about":[{"href":"https:\/\/casevaldesi.it\/de\/wp-json\/wp\/v2\/types\/post"}],"author":[{"embeddable":true,"href":"https:\/\/casevaldesi.it\/de\/wp-json\/wp\/v2\/users\/1"}],"replies":[{"embeddable":true,"href":"https:\/\/casevaldesi.it\/de\/wp-json\/wp\/v2\/comments?post=346579"}],"version-history":[{"count":1,"href":"https:\/\/casevaldesi.it\/de\/wp-json\/wp\/v2\/posts\/346579\/revisions"}],"predecessor-version":[{"id":346580,"href":"https:\/\/casevaldesi.it\/de\/wp-json\/wp\/v2\/posts\/346579\/revisions\/346580"}],"wp:featuredmedia":[{"embeddable":true,"href":"https:\/\/casevaldesi.it\/de\/wp-json\/wp\/v2\/media\/346578"}],"wp:attachment":[{"href":"https:\/\/casevaldesi.it\/de\/wp-json\/wp\/v2\/media?parent=346579"}],"wp:term":[{"taxonomy":"category","embeddable":true,"href":"https:\/\/casevaldesi.it\/de\/wp-json\/wp\/v2\/categories?post=346579"},{"taxonomy":"post_tag","embeddable":true,"href":"https:\/\/casevaldesi.it\/de\/wp-json\/wp\/v2\/tags?post=346579"}],"curies":[{"name":"wp","href":"https:\/\/api.w.org\/{rel}","templated":true}]}}