{"id":345115,"date":"2026-01-28T11:41:34","date_gmt":"2026-01-28T10:41:34","guid":{"rendered":"https:\/\/casevaldesi.it\/2026\/01\/28\/gastfreundschaft-im-dienste-der-solidaritaet-die-gesundheitsprojekte-der-waldenserdiakonie\/"},"modified":"2026-02-02T12:29:38","modified_gmt":"2026-02-02T11:29:38","slug":"gastfreundschaft-im-dienste-der-solidaritaet-die-gesundheitsprojekte-der-waldenserdiakonie","status":"publish","type":"post","link":"https:\/\/casevaldesi.it\/de\/2026\/01\/28\/gastfreundschaft-im-dienste-der-solidaritaet-die-gesundheitsprojekte-der-waldenserdiakonie\/","title":{"rendered":"Gastfreundschaft im Dienste der Solidarit\u00e4t: Die Gesundheitsprojekte der Waldenserdiakonie"},"content":{"rendered":"\n<h2 class=\"wp-block-heading\">Ein Urlaub zur Unterst\u00fctzung der Bed\u00fcrftigsten<\/h2>\n\n<p>Die Waldenserh\u00e4user stellen die Gastfreundschaft in den Dienst der Solidarit\u00e4t, ganz konkret. 100% der erwirtschafteten Gewinne kommen den Sozial-, Bildungs- und Wohlfahrtsprojekten der <a href=\"https:\/\/www.diaconiavaldese.org\/\">Diaconia Valdese<\/a> zugute. Das bedeutet, dass Sie mit Ihrem Aufenthalt zur Verwirklichung von Initiativen und Dienstleistungen beitragen, die sich an \u00e4ltere Menschen, Minderj\u00e4hrige, Migranten sowie gebrechliche und behinderte Menschen richten. Aber was sind diese Projekte konkret? Woran bauen diejenigen mit, die sich f\u00fcr einen Aufenthalt in den Waldenserheimen entscheiden? Es gibt drei Arbeitsbereiche: Gesundheit, Inklusion und Bildung, jeder mit seinen eigenen Einrichtungen, Dienstleistungen und Kampagnen.     <\/p>\n\n<h2 class=\"wp-block-heading\">Die Gesundheitsprojekte der Diakonie Valdese: Bereiche der Intervention<\/h2>\n\n<p><a href=\"https:\/\/servizisalute.diaconiavaldese.org\/\">Der Bereich Gesundheitsdienste<\/a> verwaltet Pflegeeinrichtungen f\u00fcr \u00e4ltere Menschen, Gemeinschaften f\u00fcr Menschen mit Behinderungen und sozialp\u00e4dagogische Dienste f\u00fcr alle, unabh\u00e4ngig von Geschlecht, Kultur, Traditionen, sexueller Orientierung, sozialen Bedingungen oder religi\u00f6sen \u00dcberzeugungen. Dar\u00fcber hinaus beteiligt sie sich an der Seite der lokalen Gesundheitsbeh\u00f6rden, der Verwaltungsorgane, der \u00f6ffentlichen Verwaltungen, der Akteure des dritten Sektors und der lokalen Gemeinschaften an der kontinuierlichen Planungsarbeit, die von den Bed\u00fcrfnissen der Gebiete ausgeht, um die Dienstleistungen st\u00e4ndig zu erneuern. Sich f\u00fcr die Bed\u00fcrftigsten zur Verf\u00fcgung zu stellen, bedeutet nicht, anderen die eigenen L\u00f6sungen aufzuzwingen. Die Diakonie Valdese entscheidet sich daf\u00fcr, <strong>gemeinsam mit den Menschen zu dienen<\/strong> und Beziehungen auf Gegenseitigkeit zu schaffen, in denen diejenigen, die helfen, und diejenigen, denen geholfen wird, zusammenarbeiten, um ein gemeinsames Ziel zu erreichen.   <\/p>\n\n<h2 class=\"wp-block-heading\">Die Gesundheitsprojekte der Waldensischen Diakonie: Einrichtungen<\/h2>\n\n<p>Es gibt f\u00fcnf Orte, an denen die Gesundheitsprojekte von Diaconia Valdese durchgef\u00fchrt werden: vier Wohngemeinschaften f\u00fcr \u00e4ltere und alte Menschen und eine Einrichtung f\u00fcr Menschen mit Behinderungen, die zwischen Piemont und Toskana verteilt sind. <a href=\"https:\/\/servizisalute.diaconiavaldese.org\/asilo-dei-vecchi\/\">Das Asilo Dei Vecchi in San Germano Chisone<\/a>, das inmitten der gr\u00fcnen Landschaft des Chisone-Tals Menschen aufnimmt, die sich nur teilweise oder gar nicht selbst versorgen k\u00f6nnen, und ihr allgemeines Wohlbefinden f\u00f6rdert. LaCasa<a href=\"https:\/\/servizisalute.diaconiavaldese.org\/casa-delle-diaconesse\/\">Valdese delle Diaconesse<\/a>, im Herzen des Pellice-Tals, bietet \u00e4lteren Menschen, die sich selbst versorgen oder teilweise selbst versorgen k\u00f6nnen, 24 Stunden Hilfe. Die Pflegeeinrichtung <a href=\"https:\/\/servizisalute.diaconiavaldese.org\/uliveto\/\">Uliveto<\/a>, Uliveto, auf dem H\u00fcgel von Luserna San Giovanni, f\u00fcr Menschen mit mehrfachen k\u00f6rperlichen, geistigen und sensorischen Behinderungen, die mit Verhaltensst\u00f6rungen einhergehen. <a href=\"https:\/\/servizisalute.diaconiavaldese.org\/rifugio-re-carlo-alberto\/\">Rifugio Re Carlo Alberto<\/a>, ebenfalls in Luserna San Giovanni, spezialisiert auf die Aufnahme von Menschen mit kognitiven Einschr\u00e4nkungen. <a href=\"https:\/\/servizisalute.diaconiavaldese.org\/il-gignoro\/\">Il Gignoro<\/a>, eine Einrichtung f\u00fcr \u00e4ltere Menschen mit kognitiven oder funktionellen Behinderungen, die sich nicht selbst versorgen k\u00f6nnen, in Florenz.   <\/p>\n\n<h2 class=\"wp-block-heading\">Dienstleistungen f\u00fcr Alzheimer, Parkinson, Autismus und gebrechliche Familien<\/h2>\n\n<p>Und dann die territorialen Dienste. Der <a href=\"https:\/\/servizisalute.diaconiavaldese.org\/servizio-innovazione-e-sviluppo\/\">Dienst f\u00fcr Entwicklungsinnovation<\/a>mit Vorschl\u00e4gen, die sich auf das Potenzial und die Talente von Menschen mit kognitiven Beeintr\u00e4chtigungen konzentrieren, darunter die Alzheimer-Caf\u00e9s, die demenzfreundlichen Gemeinschaftsprojekte, die Ged\u00e4chtnisturnhallen, das aktive Altern und die Arbeitsgruppe Parkinson. Der<a href=\"https:\/\/servizisalute.diaconiavaldese.org\/servizio-adulti-e-territorio\/\"> Dienst Erwachsene und Territorium<\/a>, der darauf abzielt, die Autonomie gebrechlicher Erwachsener zu erreichen und zu erhalten: Familien, die mit einer onkologischen Erkrankung konfrontiert sind, Menschen mit einer Vorgeschichte von Sucht, mit Behinderungen und eingeschr\u00e4nkter Autonomie, mit beruflichen und wirtschaftlichen Schwierigkeiten oder mit besonderen psychologischen, gesundheitlichen und sozialen Situationen. Und schlie\u00dflich das <a href=\"https:\/\/servizisalute.diaconiavaldese.org\/bum\/\">BUM Centro Autismo<\/a>, das autistischen M\u00e4dchen, Jungen und Jugendlichen und ihren Familien Unterst\u00fctzung bei der Erziehung und Entwicklung bietet.     <\/p>\n\n<h2 class=\"wp-block-heading\">Ihr solidarischer Aufenthalt bei Waldensian Homes<\/h2>\n\n<p>Wenn Sie sich f\u00fcr einen Aufenthalt in einem unserer Hotels, Herbergen oder G\u00e4steh\u00e4user entscheiden, setzen Sie ein Zeichen der Inklusion, der Solidarit\u00e4t und der Verantwortung gegen\u00fcber den Menschen und der Welt um uns herum und helfen den Gesundheitsdiensten der Diakonie Valdese, ihre aktuellen Projekte fortzuf\u00fchren und neue Projekte zu entwickeln.  <a href=\"https:\/\/casevaldesi.it\/case\/\">Buchen Sie Ihre n\u00e4chste Reise mit uns!<\/a> <\/p>\n\n<figure class=\"wp-block-image size-full\"><img loading=\"lazy\" decoding=\"async\" width=\"2048\" height=\"1365\" src=\"https:\/\/casevaldesi.it\/wp-content\/uploads\/2026\/01\/116279020_3180975398664056_4797339772849731178_n.jpg\" alt=\"Der Garten des Waldenserhauses in Vallecrosia\" class=\"wp-image-345107\" srcset=\"https:\/\/casevaldesi.it\/wp-content\/uploads\/2026\/01\/116279020_3180975398664056_4797339772849731178_n.jpg 2048w, https:\/\/casevaldesi.it\/wp-content\/uploads\/2026\/01\/116279020_3180975398664056_4797339772849731178_n-1536x1024.jpg 1536w, https:\/\/casevaldesi.it\/wp-content\/uploads\/2026\/01\/116279020_3180975398664056_4797339772849731178_n-1024x683.jpg 1024w, https:\/\/casevaldesi.it\/wp-content\/uploads\/2026\/01\/116279020_3180975398664056_4797339772849731178_n-600x400.jpg 600w, https:\/\/casevaldesi.it\/wp-content\/uploads\/2026\/01\/116279020_3180975398664056_4797339772849731178_n-350x233.jpg 350w\" sizes=\"auto, (max-width: 2048px) 100vw, 2048px\" \/><\/figure>\n","protected":false},"excerpt":{"rendered":"<p>Die Waldenserh\u00e4user sind gemeinn\u00fctzige Einrichtungen, die die sozialen Dienste der Waldensischen Diakonie unterst\u00fctzen. Wir informieren Sie \u00fcber die H\u00e4user f\u00fcr \u00e4ltere Menschen und Menschen mit Behinderungen <\/p>\n","protected":false},"author":1,"featured_media":345076,"comment_status":"closed","ping_status":"open","sticky":false,"template":"","format":"standard","meta":{"_acf_changed":false,"footnotes":""},"categories":[126],"tags":[129,127,128,130],"class_list":["post-345115","post","type-post","status-publish","format-standard","has-post-thumbnail","hentry","category-solidarischer-tourismus","tag-behinderung","tag-gesundheit","tag-senioren","tag-solidaritat"],"acf":[],"yoast_head":"<!-- This site is optimized with the Yoast SEO plugin v26.8 - https:\/\/yoast.com\/product\/yoast-seo-wordpress\/ -->\n<title>- %%.<\/title>\n<meta name=\"description\" content=\"Case Valdesi sind gemeinn\u00fctzige Einrichtungen, die soziale Projekte unterst\u00fctzen. Entdecken Sie diejenigen, die sich f\u00fcr \u00e4ltere Menschen und Menschen mit Behinderungen einsetzen\" \/>\n<meta name=\"robots\" content=\"index, follow, max-snippet:-1, max-image-preview:large, max-video-preview:-1\" \/>\n<link rel=\"canonical\" href=\"https:\/\/casevaldesi.it\/de\/2026\/01\/28\/gastfreundschaft-im-dienste-der-solidaritaet-die-gesundheitsprojekte-der-waldenserdiakonie\/\" \/>\n<meta property=\"og:locale\" content=\"de_DE\" \/>\n<meta property=\"og:type\" content=\"article\" \/>\n<meta property=\"og:title\" content=\"- %%.\" \/>\n<meta property=\"og:description\" content=\"Case Valdesi sind gemeinn\u00fctzige Einrichtungen, die soziale Projekte unterst\u00fctzen. Entdecken Sie diejenigen, die sich f\u00fcr \u00e4ltere Menschen und Menschen mit Behinderungen einsetzen\" \/>\n<meta property=\"og:url\" content=\"https:\/\/casevaldesi.it\/de\/2026\/01\/28\/gastfreundschaft-im-dienste-der-solidaritaet-die-gesundheitsprojekte-der-waldenserdiakonie\/\" \/>\n<meta property=\"og:site_name\" content=\"Waldenserh\u00e4user\" \/>\n<meta property=\"article:published_time\" content=\"2026-01-28T10:41:34+00:00\" \/>\n<meta property=\"article:modified_time\" content=\"2026-02-02T11:29:38+00:00\" \/>\n<meta property=\"og:image\" content=\"https:\/\/casevaldesi.it\/wp-content\/uploads\/2026\/01\/Cura-e-Assistenza-Strutture.jpg\" \/>\n\t<meta property=\"og:image:width\" content=\"1200\" \/>\n\t<meta property=\"og:image:height\" content=\"840\" \/>\n\t<meta property=\"og:image:type\" content=\"image\/jpeg\" \/>\n<meta name=\"author\" content=\"Case Valdesi\" \/>\n<meta name=\"twitter:card\" content=\"summary_large_image\" \/>\n<meta name=\"twitter:label1\" content=\"Verfasst von\" \/>\n\t<meta name=\"twitter:data1\" content=\"Case Valdesi\" \/>\n\t<meta name=\"twitter:label2\" content=\"Gesch\u00e4tzte Lesezeit\" \/>\n\t<meta name=\"twitter:data2\" content=\"3\u00a0Minuten\" \/>\n<!-- \/ Yoast SEO plugin. -->","yoast_head_json":{"title":"- %%.","description":"Case Valdesi sind gemeinn\u00fctzige Einrichtungen, die soziale Projekte unterst\u00fctzen. Entdecken Sie diejenigen, die sich f\u00fcr \u00e4ltere Menschen und Menschen mit Behinderungen einsetzen","robots":{"index":"index","follow":"follow","max-snippet":"max-snippet:-1","max-image-preview":"max-image-preview:large","max-video-preview":"max-video-preview:-1"},"canonical":"https:\/\/casevaldesi.it\/de\/2026\/01\/28\/gastfreundschaft-im-dienste-der-solidaritaet-die-gesundheitsprojekte-der-waldenserdiakonie\/","og_locale":"de_DE","og_type":"article","og_title":"- %%.","og_description":"Case Valdesi sind gemeinn\u00fctzige Einrichtungen, die soziale Projekte unterst\u00fctzen. Entdecken Sie diejenigen, die sich f\u00fcr \u00e4ltere Menschen und Menschen mit Behinderungen einsetzen","og_url":"https:\/\/casevaldesi.it\/de\/2026\/01\/28\/gastfreundschaft-im-dienste-der-solidaritaet-die-gesundheitsprojekte-der-waldenserdiakonie\/","og_site_name":"Waldenserh\u00e4user","article_published_time":"2026-01-28T10:41:34+00:00","article_modified_time":"2026-02-02T11:29:38+00:00","og_image":[{"width":1200,"height":840,"url":"https:\/\/casevaldesi.it\/wp-content\/uploads\/2026\/01\/Cura-e-Assistenza-Strutture.jpg","type":"image\/jpeg"}],"author":"Case Valdesi","twitter_card":"summary_large_image","twitter_misc":{"Verfasst von":"Case Valdesi","Gesch\u00e4tzte Lesezeit":"3\u00a0Minuten"},"schema":{"@context":"https:\/\/schema.org","@graph":[{"@type":"Article","@id":"https:\/\/casevaldesi.it\/de\/2026\/01\/28\/gastfreundschaft-im-dienste-der-solidaritaet-die-gesundheitsprojekte-der-waldenserdiakonie\/#article","isPartOf":{"@id":"https:\/\/casevaldesi.it\/de\/2026\/01\/28\/gastfreundschaft-im-dienste-der-solidaritaet-die-gesundheitsprojekte-der-waldenserdiakonie\/"},"author":{"name":"Case Valdesi","@id":"https:\/\/casevaldesi.it\/#\/schema\/person\/5b3bb5eea650a62a365baa0cbd759cb3"},"headline":"Gastfreundschaft im Dienste der Solidarit\u00e4t: Die Gesundheitsprojekte der Waldenserdiakonie","datePublished":"2026-01-28T10:41:34+00:00","dateModified":"2026-02-02T11:29:38+00:00","mainEntityOfPage":{"@id":"https:\/\/casevaldesi.it\/de\/2026\/01\/28\/gastfreundschaft-im-dienste-der-solidaritaet-die-gesundheitsprojekte-der-waldenserdiakonie\/"},"wordCount":622,"publisher":{"@id":"https:\/\/casevaldesi.it\/#organization"},"image":{"@id":"https:\/\/casevaldesi.it\/de\/2026\/01\/28\/gastfreundschaft-im-dienste-der-solidaritaet-die-gesundheitsprojekte-der-waldenserdiakonie\/#primaryimage"},"thumbnailUrl":"https:\/\/casevaldesi.it\/wp-content\/uploads\/2026\/01\/Cura-e-Assistenza-Strutture.jpg","keywords":["Behinderung","Gesundheit","Senioren","Solidarit\u00e4t"],"articleSection":["Solidarischer Tourismus"],"inLanguage":"de"},{"@type":"WebPage","@id":"https:\/\/casevaldesi.it\/de\/2026\/01\/28\/gastfreundschaft-im-dienste-der-solidaritaet-die-gesundheitsprojekte-der-waldenserdiakonie\/","url":"https:\/\/casevaldesi.it\/de\/2026\/01\/28\/gastfreundschaft-im-dienste-der-solidaritaet-die-gesundheitsprojekte-der-waldenserdiakonie\/","name":"- %%.","isPartOf":{"@id":"https:\/\/casevaldesi.it\/#website"},"primaryImageOfPage":{"@id":"https:\/\/casevaldesi.it\/de\/2026\/01\/28\/gastfreundschaft-im-dienste-der-solidaritaet-die-gesundheitsprojekte-der-waldenserdiakonie\/#primaryimage"},"image":{"@id":"https:\/\/casevaldesi.it\/de\/2026\/01\/28\/gastfreundschaft-im-dienste-der-solidaritaet-die-gesundheitsprojekte-der-waldenserdiakonie\/#primaryimage"},"thumbnailUrl":"https:\/\/casevaldesi.it\/wp-content\/uploads\/2026\/01\/Cura-e-Assistenza-Strutture.jpg","datePublished":"2026-01-28T10:41:34+00:00","dateModified":"2026-02-02T11:29:38+00:00","description":"Case Valdesi sind gemeinn\u00fctzige Einrichtungen, die soziale Projekte unterst\u00fctzen. Entdecken Sie diejenigen, die sich f\u00fcr \u00e4ltere Menschen und Menschen mit Behinderungen einsetzen","breadcrumb":{"@id":"https:\/\/casevaldesi.it\/de\/2026\/01\/28\/gastfreundschaft-im-dienste-der-solidaritaet-die-gesundheitsprojekte-der-waldenserdiakonie\/#breadcrumb"},"inLanguage":"de","potentialAction":[{"@type":"ReadAction","target":["https:\/\/casevaldesi.it\/de\/2026\/01\/28\/gastfreundschaft-im-dienste-der-solidaritaet-die-gesundheitsprojekte-der-waldenserdiakonie\/"]}]},{"@type":"ImageObject","inLanguage":"de","@id":"https:\/\/casevaldesi.it\/de\/2026\/01\/28\/gastfreundschaft-im-dienste-der-solidaritaet-die-gesundheitsprojekte-der-waldenserdiakonie\/#primaryimage","url":"https:\/\/casevaldesi.it\/wp-content\/uploads\/2026\/01\/Cura-e-Assistenza-Strutture.jpg","contentUrl":"https:\/\/casevaldesi.it\/wp-content\/uploads\/2026\/01\/Cura-e-Assistenza-Strutture.jpg","width":1200,"height":840,"caption":"Assistenza agli anziani"},{"@type":"BreadcrumbList","@id":"https:\/\/casevaldesi.it\/de\/2026\/01\/28\/gastfreundschaft-im-dienste-der-solidaritaet-die-gesundheitsprojekte-der-waldenserdiakonie\/#breadcrumb","itemListElement":[{"@type":"ListItem","position":1,"name":"Startseite","item":"https:\/\/casevaldesi.it\/de\/startseite\/"},{"@type":"ListItem","position":2,"name":"Gastfreundschaft im Dienste der Solidarit\u00e4t: Die Gesundheitsprojekte der Waldenserdiakonie"}]},{"@type":"WebSite","@id":"https:\/\/casevaldesi.it\/#website","url":"https:\/\/casevaldesi.it\/","name":"Waldenserh\u00e4user","description":"Hotels &amp; G\u00e4steh\u00e4user","publisher":{"@id":"https:\/\/casevaldesi.it\/#organization"},"potentialAction":[{"@type":"SearchAction","target":{"@type":"EntryPoint","urlTemplate":"https:\/\/casevaldesi.it\/?s={search_term_string}"},"query-input":{"@type":"PropertyValueSpecification","valueRequired":true,"valueName":"search_term_string"}}],"inLanguage":"de"},{"@type":"Organization","@id":"https:\/\/casevaldesi.it\/#organization","name":"Waldenserh\u00e4user","url":"https:\/\/casevaldesi.it\/","logo":{"@type":"ImageObject","inLanguage":"de","@id":"https:\/\/casevaldesi.it\/#\/schema\/logo\/image\/","url":"","contentUrl":"","caption":"Waldenserh\u00e4user"},"image":{"@id":"https:\/\/casevaldesi.it\/#\/schema\/logo\/image\/"}},{"@type":"Person","@id":"https:\/\/casevaldesi.it\/#\/schema\/person\/5b3bb5eea650a62a365baa0cbd759cb3","name":"Case Valdesi","image":{"@type":"ImageObject","inLanguage":"de","@id":"https:\/\/casevaldesi.it\/#\/schema\/person\/image\/","url":"https:\/\/secure.gravatar.com\/avatar\/a850522400d083de300cfa78196f3c3c324f42fd51b1c069f0df507abf4b3df0?s=96&d=mm&r=g","contentUrl":"https:\/\/secure.gravatar.com\/avatar\/a850522400d083de300cfa78196f3c3c324f42fd51b1c069f0df507abf4b3df0?s=96&d=mm&r=g","caption":"Case Valdesi"},"sameAs":["https:\/\/casevaldesi.it"],"url":"https:\/\/casevaldesi.it\/de\/author\/casevaldesiadmin\/"}]}},"_links":{"self":[{"href":"https:\/\/casevaldesi.it\/de\/wp-json\/wp\/v2\/posts\/345115","targetHints":{"allow":["GET"]}}],"collection":[{"href":"https:\/\/casevaldesi.it\/de\/wp-json\/wp\/v2\/posts"}],"about":[{"href":"https:\/\/casevaldesi.it\/de\/wp-json\/wp\/v2\/types\/post"}],"author":[{"embeddable":true,"href":"https:\/\/casevaldesi.it\/de\/wp-json\/wp\/v2\/users\/1"}],"replies":[{"embeddable":true,"href":"https:\/\/casevaldesi.it\/de\/wp-json\/wp\/v2\/comments?post=345115"}],"version-history":[{"count":2,"href":"https:\/\/casevaldesi.it\/de\/wp-json\/wp\/v2\/posts\/345115\/revisions"}],"predecessor-version":[{"id":345254,"href":"https:\/\/casevaldesi.it\/de\/wp-json\/wp\/v2\/posts\/345115\/revisions\/345254"}],"wp:featuredmedia":[{"embeddable":true,"href":"https:\/\/casevaldesi.it\/de\/wp-json\/wp\/v2\/media\/345076"}],"wp:attachment":[{"href":"https:\/\/casevaldesi.it\/de\/wp-json\/wp\/v2\/media?parent=345115"}],"wp:term":[{"taxonomy":"category","embeddable":true,"href":"https:\/\/casevaldesi.it\/de\/wp-json\/wp\/v2\/categories?post=345115"},{"taxonomy":"post_tag","embeddable":true,"href":"https:\/\/casevaldesi.it\/de\/wp-json\/wp\/v2\/tags?post=345115"}],"curies":[{"name":"wp","href":"https:\/\/api.w.org\/{rel}","templated":true}]}}